{"id":8836,"date":"2023-03-26T10:10:40","date_gmt":"2023-03-26T09:10:40","guid":{"rendered":"https:\/\/www.salutesviluppo.org\/la-pascua-ya-esta-aqui-haz-florecer-de-nuevo-la-solidaridad\/"},"modified":"2024-08-06T13:52:50","modified_gmt":"2024-08-06T12:52:50","slug":"la-pascua-ya-esta-aqui-haz-florecer-de-nuevo-la-solidaridad","status":"publish","type":"post","link":"https:\/\/salutesviluppo.org\/es\/la-pascua-ya-esta-aqui-haz-florecer-de-nuevo-la-solidaridad\/","title":{"rendered":"LA PASCUA YA EST\u00c1 AQU\u00cd: HAZ FLORECER DE NUEVO LA SOLIDARIDAD"},"content":{"rendered":"<p>La Pascua est\u00e1 cerca, el pr\u00f3ximo 9 de abril ser\u00e1 el D\u00eda de Resurrecci\u00f3n. Junto con la Pascua, tambi\u00e9n florece la primavera, s\u00edmbolo del renacer de la naturaleza tras el fr\u00edo del invierno. \u00bfQu\u00e9 mejor momento para que florezca la solidaridad?<\/p>\n<p>El 28 de marzo, en la sede de la exposici\u00f3n del CRAL degli Operatori Socio Sanitari de Rho, habr\u00e1 ocasi\u00f3n de comprar muchos art\u00edculos bonitos -desde paquetes de Pascua para ni\u00f1os hasta trabajos de bordado y costura- realizados por los numerosos voluntarios que llevan a\u00f1os apoyando a Salute e Sviluppo.<\/p>\n<p>\u00a1Junto con todos estos art\u00edculos estar\u00e1n nuestros l\u00e1pices plantables!<\/p>\n<p>En la parte superior de cada l\u00e1piz hay unas cuantas semillas de cal\u00e9ndula, listas para dar lugar a hermosas y coloridas flores. Hemos elegido esta flor, con sus numerosas propiedades curativas y calmantes, para simbolizar todas las actividades relacionadas con la salud que inauguramos a\u00f1o tras a\u00f1o en todo el mundo.<\/p>\n<p>Gracias a su apoyo podremos emprender cada vez m\u00e1s iniciativas. No pierdas esta oportunidad de ayudarnos, todo lo recaudado en el mercado de Pascua del pr\u00f3ximo 28 de marzo en Rho ir\u00e1 destinado a apoyar las misiones camilianas en \u00c1frica.<\/p>\n<p>Si t\u00fa tambi\u00e9n quieres el l\u00e1piz de Salud y Desarrollo, escr\u00edbenos a Facebook, Instagram o a nuestra mail.<\/p>\n<p>Salute e Sviluppo agradece cada peque\u00f1a o gran aportaci\u00f3n de todos aquellos que se comprometen estando a nuestro lado y dando un poco de su tiempo \u2764\ufe0f.<\/p>\n<p><a href=\"https:\/\/www.salutesviluppo.org\/wp-content\/uploads\/2023\/03\/Matite-per-Pasqua-1-1.jpg\"><img loading=\"lazy\" decoding=\"async\" class=\"alignnone wp-image-8830\" src=\"https:\/\/www.salutesviluppo.org\/wp-content\/uploads\/2023\/03\/Matite-per-Pasqua-1-1.jpg\" alt=\"\" width=\"554\" height=\"464\"><\/a><\/p>\n","protected":false},"excerpt":{"rendered":"<p>La Pascua est\u00e1 cerca, el pr\u00f3ximo 9 de abril ser\u00e1 el D\u00eda de Resurrecci\u00f3n. Junto con la Pascua, tambi\u00e9n florece la primavera, s\u00edmbolo del renacer de la naturaleza tras el fr\u00edo del invierno. \u00bfQu\u00e9 mejor momento para que florezca la solidaridad? El 28 de marzo, en la sede de la exposici\u00f3n del CRAL degli Operatori [&hellip;]<\/p>\n","protected":false},"author":2,"featured_media":8826,"comment_status":"closed","ping_status":"closed","sticky":false,"template":"","format":"standard","meta":{"_acf_changed":false,"_jetpack_memberships_contains_paid_content":false,"footnotes":""},"categories":[99],"tags":[],"post_flags":[],"class_list":["post-8836","post","type-post","status-publish","format-standard","has-post-thumbnail","hentry","category-en-evidencia"],"acf":[],"jetpack_featured_media_url":"","jetpack_sharing_enabled":true,"_links":{"self":[{"href":"https:\/\/salutesviluppo.org\/es\/wp-json\/wp\/v2\/posts\/8836","targetHints":{"allow":["GET"]}}],"collection":[{"href":"https:\/\/salutesviluppo.org\/es\/wp-json\/wp\/v2\/posts"}],"about":[{"href":"https:\/\/salutesviluppo.org\/es\/wp-json\/wp\/v2\/types\/post"}],"author":[{"embeddable":true,"href":"https:\/\/salutesviluppo.org\/es\/wp-json\/wp\/v2\/users\/2"}],"replies":[{"embeddable":true,"href":"https:\/\/salutesviluppo.org\/es\/wp-json\/wp\/v2\/comments?post=8836"}],"version-history":[{"count":1,"href":"https:\/\/salutesviluppo.org\/es\/wp-json\/wp\/v2\/posts\/8836\/revisions"}],"predecessor-version":[{"id":9889,"href":"https:\/\/salutesviluppo.org\/es\/wp-json\/wp\/v2\/posts\/8836\/revisions\/9889"}],"wp:featuredmedia":[{"embeddable":true,"href":"https:\/\/salutesviluppo.org\/es\/wp-json\/"}],"wp:attachment":[{"href":"https:\/\/salutesviluppo.org\/es\/wp-json\/wp\/v2\/media?parent=8836"}],"wp:term":[{"taxonomy":"category","embeddable":true,"href":"https:\/\/salutesviluppo.org\/es\/wp-json\/wp\/v2\/categories?post=8836"},{"taxonomy":"post_tag","embeddable":true,"href":"https:\/\/salutesviluppo.org\/es\/wp-json\/wp\/v2\/tags?post=8836"},{"taxonomy":"post_flag","embeddable":true,"href":"https:\/\/salutesviluppo.org\/es\/wp-json\/wp\/v2\/post_flags?post=8836"}],"curies":[{"name":"wp","href":"https:\/\/api.w.org\/{rel}","templated":true}]}}