{"id":5974,"date":"2021-09-17T09:04:55","date_gmt":"2021-09-17T08:04:55","guid":{"rendered":"https:\/\/www.salutesviluppo.org\/nouvelle-gouvernance-de-long-sante-et-developpement-onlus\/"},"modified":"2024-08-06T13:52:10","modified_gmt":"2024-08-06T12:52:10","slug":"nouvelle-gouvernance-de-long-sante-et-developpement-onlus","status":"publish","type":"post","link":"https:\/\/salutesviluppo.org\/fr\/nouvelle-gouvernance-de-long-sante-et-developpement-onlus\/","title":{"rendered":"NOUVELLE GOVERNANCE DE L&rsquo;ONG SALUTE E SVILUPPO"},"content":{"rendered":"<figure id=\"attachment_5978\" aria-describedby=\"caption-attachment-5978\" style=\"width: 742px\" class=\"wp-caption aligncenter\"><a href=\"https:\/\/www.salutesviluppo.org\/wp-content\/uploads\/2021\/09\/PHOTO-2021-09-17-09-23-19-e1631864048137.jpg\"><img loading=\"lazy\" decoding=\"async\" class=\"wp-image-5978 \" src=\"https:\/\/www.salutesviluppo.org\/wp-content\/uploads\/2021\/09\/PHOTO-2021-09-17-09-23-19-1024x1024.jpg\" alt=\"\" width=\"742\" height=\"742\"><\/a><figcaption id=\"caption-attachment-5978\" class=\"wp-caption-text\">conseil d&rsquo;administration: \u00e0 gauche Carlo Mangione, Ignacio Santaolalla, Felice de Miranda, Efisio Locci, Madame Mariella Oggioni<\/figcaption><\/figure>\n<p>Salute e Sviluppo (<a href=\"http:\/\/www.salutesviluppo.org\">www.salutesviluppo.org<\/a>) est une association italienne sans but lucratif cr\u00e9\u00e9e en 1996 par la Consulta G\u00e9n\u00e9ral de l&rsquo;Ordre des Ministres des Infirmiers (Camilliens ou des Clercs r\u00e9guliers pour les Malades). L&rsquo;ONG s&rsquo;inspire des valeurs \u00e9vang\u00e9liques et du charisme de Saint Camillus de Lellis et a pour mission promouvoir des projets de sant\u00e9 et de d\u00e9veloppement dans les pays du monde, en particulier dans les pays o\u00f9 l&rsquo;Ordre camillien et les Instituts Religieux F\u00e9minins de la Famille Charismatique Camillienne op\u00e8rent. Depuis vingt-cinq ans, sous la pr\u00e9sidence de son fondateur, le P\u00e8re Efisio Locci, SeS promeut projets de coop\u00e9ration au d\u00e9veloppement en Afrique, en Asie et en Am\u00e9rique latine, principalement dans les secteurs socio-sanitaire (h\u00f4pitaux, centres m\u00e9dicaux), \u00e9ducatif (alphab\u00e9tisation et formation) et primaire (agriculture et \u00e9levage) en partenariat avec les Provinces, Vice-provinces et D\u00e9l\u00e9gations de l&rsquo;Ordre, actif dans plus de 40 pays du monde, avec leurs infrastructures sanitaires. SeS est principalement active au Burkina Faso, en R\u00e9publique centrafricaine, au Kenya, en Inde, en Indon\u00e9sie, au Pakistan et au Vietnam. SeS a op\u00e9r\u00e9 et maintient toujours des liens au B\u00e9nin, au Togo, en Somalie, en Tha\u00eflande, en Colombie, au Br\u00e9sil et au P\u00e9rou.<\/p>\n<p>Depuis 2001, Salute e Sviluppo a \u00e9t\u00e9 reconnu par le minist\u00e8re des Affaires \u00e9trang\u00e8res et de la Coop\u00e9ration internationale et a \u00e9t\u00e9 enregistr\u00e9e dans la liste des organisations de soci\u00e9t\u00e9 civile (OSC) de l&rsquo;AICS (Agence Italienne de la Coop\u00e9ration au D\u00e9veloppement) qualifi\u00e9es pour pr\u00e9senter des initiatives de coop\u00e9ration internationale dans les pays en d\u00e9veloppement.<\/p>\n<p>En juin 2021, le p\u00e8re Efisio Locci a pr\u00e9sent\u00e9 sa d\u00e9mission de la pr\u00e9sidence \u00e0 l&rsquo;Assembl\u00e9e g\u00e9n\u00e9rale pour des raisons d&rsquo;\u00e2ge et de sant\u00e9.<\/p>\n<p>Le 14 septembre 2021, dans la Maison g\u00e9n\u00e9rale de l&rsquo;Ordre, si\u00e9ge de Salute e Sviluppo, a \u00e9t\u00e9 organis\u00e9e l&rsquo;assembl\u00e9e ordinaire de renouvellement du Conseil d&rsquo;administration de l&rsquo;Association, conform\u00e9ment au statut.<\/p>\n<p>L&rsquo;assembl\u00e9e a \u00e9lu les nouveaux membres du Conseil d&rsquo;administration pour la p\u00e9riode triennale 2021-2024, qui sont : le P\u00e8re Felice de Miranda, le P\u00e8re Efisio Locci, le Fr\u00e8re Jos\u00e9 Ignacio Santaolalla S\u00e1ez, le Fr\u00e8re Carlo Mangione et Mme Mariella Oggioni. Il convient de noter la pr\u00e9sence au Conseil de quatre religieux camilliens, dont deux sont consulteurs g\u00e9n\u00e9raux de l&rsquo;Ordre. L&rsquo;assembl\u00e9e a \u00e9galement nomm\u00e9, conform\u00e9ment au statut, le commissaire aux comptes unique, d\u00fbment inscrit au registre des comptes comme garant du travail de l&rsquo;association en la personne du Dr Peppino Profeta.<\/p>\n<p>Par la suite, le nouveau conseil d&rsquo;administration s&rsquo;est r\u00e9uni pour nommer les postes au sein du conseil. Le p\u00e8re Felice de Miranda a \u00e9t\u00e9 \u00e9lu pr\u00e9sident et repr\u00e9sentant l\u00e9gal, le fr\u00e8re Jos\u00e9 Ignacio Santaolalla S\u00e1ez vice-pr\u00e9sident et le fr\u00e8re Carlo Mangione secr\u00e9taire.<\/p>\n<p>L&rsquo;ensemble de l&rsquo;Ordre Camillien remercie de tout c\u0153ur le P\u00e8re Locci et souhaite au nouveau Conseil de mener \u00e0 bien les activit\u00e9s de l&rsquo;Association avec un engagement renouvel\u00e9.<\/p>\n","protected":false},"excerpt":{"rendered":"<p>Salute e Sviluppo (www.salutesviluppo.org) est une association italienne sans but lucratif cr\u00e9\u00e9e en 1996 par la Consulta G\u00e9n\u00e9ral de l&rsquo;Ordre des Ministres des Infirmiers (Camilliens ou des Clercs r\u00e9guliers pour les Malades). L&rsquo;ONG s&rsquo;inspire des valeurs \u00e9vang\u00e9liques et du charisme de Saint Camillus de Lellis et a pour mission promouvoir des projets de sant\u00e9 et [&hellip;]<\/p>\n","protected":false},"author":2,"featured_media":10649,"comment_status":"closed","ping_status":"closed","sticky":false,"template":"","format":"standard","meta":{"_acf_changed":false,"_jetpack_memberships_contains_paid_content":false,"footnotes":""},"categories":[39],"tags":[],"post_flags":[],"class_list":["post-5974","post","type-post","status-publish","format-standard","has-post-thumbnail","hentry","category-nouvelles"],"acf":[],"jetpack_featured_media_url":"https:\/\/salutesviluppo.org\/wp-content\/uploads\/2021\/09\/governance.jpg","jetpack_sharing_enabled":true,"_links":{"self":[{"href":"https:\/\/salutesviluppo.org\/fr\/wp-json\/wp\/v2\/posts\/5974","targetHints":{"allow":["GET"]}}],"collection":[{"href":"https:\/\/salutesviluppo.org\/fr\/wp-json\/wp\/v2\/posts"}],"about":[{"href":"https:\/\/salutesviluppo.org\/fr\/wp-json\/wp\/v2\/types\/post"}],"author":[{"embeddable":true,"href":"https:\/\/salutesviluppo.org\/fr\/wp-json\/wp\/v2\/users\/2"}],"replies":[{"embeddable":true,"href":"https:\/\/salutesviluppo.org\/fr\/wp-json\/wp\/v2\/comments?post=5974"}],"version-history":[{"count":1,"href":"https:\/\/salutesviluppo.org\/fr\/wp-json\/wp\/v2\/posts\/5974\/revisions"}],"predecessor-version":[{"id":9778,"href":"https:\/\/salutesviluppo.org\/fr\/wp-json\/wp\/v2\/posts\/5974\/revisions\/9778"}],"wp:featuredmedia":[{"embeddable":true,"href":"https:\/\/salutesviluppo.org\/fr\/wp-json\/wp\/v2\/media\/10649"}],"wp:attachment":[{"href":"https:\/\/salutesviluppo.org\/fr\/wp-json\/wp\/v2\/media?parent=5974"}],"wp:term":[{"taxonomy":"category","embeddable":true,"href":"https:\/\/salutesviluppo.org\/fr\/wp-json\/wp\/v2\/categories?post=5974"},{"taxonomy":"post_tag","embeddable":true,"href":"https:\/\/salutesviluppo.org\/fr\/wp-json\/wp\/v2\/tags?post=5974"},{"taxonomy":"post_flag","embeddable":true,"href":"https:\/\/salutesviluppo.org\/fr\/wp-json\/wp\/v2\/post_flags?post=5974"}],"curies":[{"name":"wp","href":"https:\/\/api.w.org\/{rel}","templated":true}]}}