{"id":6266,"date":"2021-09-29T11:57:36","date_gmt":"2021-09-29T10:57:36","guid":{"rendered":"https:\/\/www.salutesviluppo.org\/une-aide-pour-nos-missions\/"},"modified":"2024-08-06T13:52:10","modified_gmt":"2024-08-06T12:52:10","slug":"une-aide-pour-nos-missions","status":"publish","type":"post","link":"https:\/\/salutesviluppo.org\/fr\/une-aide-pour-nos-missions\/","title":{"rendered":"Une aide pour nos missions"},"content":{"rendered":"<p>L\u2019histoire des missions camilliennes est une histoire s\u00e9culaire. Les religieux de l\u2019Ordre, dans son premier si\u00e8cle de vie, le XVII si\u00e8cle, \u00e9taient surtout engag\u00e9s en Italie o\u00f9 ne manquaient pas des situations dramatiques avec les \u00e9pid\u00e9mies et les pestilences dans lesquelles les camilliens t\u00e9moignaient souvent d\u2019une charit\u00e9 h\u00e9ro\u00efque. La plus c\u00e9l\u00e8bre est l&rsquo;\u00e9pidemie de peste \u00e0 Milan en 1630, comme rappelle le Manzoni, o\u00f9 moururent \u00ab\u00a0martyrs de la charit\u00e9\u00a0\u00bb plus de 25 religieux, mais aussi \u00e0 l\u2019\u00e9tranger les camilliens \u00e9taient appel\u00e9s \u00e0 porter secours aux bless\u00e9s dans les nombreuses et sanglantes guerres qui s\u00e9vissaient dans toute l\u2019Europe (Campagne de Hongrie en 1595, guerre de Trente Ans en 1627 en Espagne et Portugal). Les crois\u00e9s camilliens ont \u00e9t\u00e9 reconnus comme les pr\u00e9curseurs de la Croix-Rouge Internationale.<\/p>\n<p><a href=\"https:\/\/www.salutesviluppo.org\/wp-content\/uploads\/2021\/09\/hqdefault.jpg\"><img loading=\"lazy\" decoding=\"async\" class=\"aligncenter wp-image-6121 size-full\" src=\"https:\/\/www.salutesviluppo.org\/wp-content\/uploads\/2021\/09\/hqdefault.jpg\" alt=\"\" width=\"480\" height=\"360\"><\/a><\/p>\n<p>Des interventions dans les pays lointains sous une forme plus stable commenc\u00e8rent \u00e0 partir de 1710 avec les premi\u00e8res fondations de l\u2019Am\u00e9rique latine \u00e0 Lima au P\u00e9rou, suivies par des centres en Bolivie, \u00c9quateur, Colombie, Chili, Mexique. \u00c0 partir de la fin du XVIII si\u00e8cle, en quelques d\u00e9cennies, d\u2019abord pour les lois autonomistes de Joseph II, puis pour les suppressions napol\u00e9oniennes radicales, l\u2019Ordre camillien parvint \u00e0 l\u2019extinction. Apr\u00e8s l\u2019\u00e8re napol\u00e9onienne, l\u2019Ordre se r\u00e9tablit lentement et les d\u00e9parts pour les nouvelles missions reprennent. En 1867, les premiers camilliens, dirig\u00e9s par le p\u00e8re Stanislao Carcereri, partirent pour le Soudan aux c\u00f4t\u00e9s de leur p\u00e8re, aujourd\u2019hui Saint, Daniele Comboni. Malheureusement, cette premi\u00e8re exp\u00e9dition s\u2019est termin\u00e9e t\u00f4t et il faudra attendre pr\u00e8s d\u2019un si\u00e8cle pour voir de nouvelles exp\u00e9ditions missionnaires en Afrique et sur les autres continents. Aujourd\u2019hui, les missionnaires camilliens sont pr\u00e9sents dans de nombreux pays des cinq continents (Italie, France, Espagne, Autriche, Allemagne, Irlande, G\u00e9orgie, Arm\u00e9nie, Br\u00e9sil, Argentine, Chili, P\u00e9rou, Colombie, \u00c9quateur, Mexique, Am\u00e9rique du Nord, Burkina Faso, B\u00e9nin, R\u00e9publique centrafricaine, C\u00f4te d\u2019Ivoire, Kenya, Ouganda, Tanzanie, Ha\u00efti, Inde, Philippines, Ta\u00efwan, Vi\u00eat Nam, Tha\u00eflande, Indon\u00e9sie, Pakistan).<\/p>\n<p>Dans cette histoire na\u00eet en 1996 Salute e Sviluppo (Ses) avec la pr\u00e9sidence du p\u00e8re Efisio Locci. N\u00e9e par la volont\u00e9 du Sup\u00e9rieur G\u00e9n\u00e9ral Frank Monks et du Conseil de l\u2019Ordre en application d\u2019une d\u00e9cision du Chapitre G\u00e9n\u00e9ral se constitue comme une Organisation Non Gouvernementale pour soutenir les activit\u00e9s des religieux camilliens qui oeuvrent comme ses partenaires locaux dans les pays en voie de d\u00e9veloppement. L\u2019objectif est d\u2019am\u00e9liorer les conditions sanitaires de ces populations et de contribuer \u00e0 leur croissance et \u00e0 leur autonomie. Depuis, Salute e Sviluppo est l\u2019un des piliers des missions camilliennes.<\/p>\n<p>Les projets de coop\u00e9ration de SeS interviennent principalement dans le domaine socio-sanitaire et du d\u00e9veloppement humain, en construisant des h\u00f4pitaux, des \u00e9coles et des aqueducs et en mettant en \u0153uvre la production alimentaire et zootechnique. Toutes les interventions visent \u00e0 atteindre leur propre durabilit\u00e9 et se caract\u00e9risent par une approche hautement formatrice de la population locale.<\/p>\n<p>Les projets d\u00e9j\u00e0 r\u00e9alis\u00e9s et achev\u00e9s avec la contribution de Salute e Sviluppo sont plus d\u2019une centaine des plus petits, de la valeur de quelques milliers d\u2019euro, aux plus grands qui d\u00e9passent le million d\u2019euro. La Providence de Dieu, \u00e0 travers les plus divers donateurs, publics et priv\u00e9s, a \u00e9t\u00e9 vraiment grande et on ne finira jamais de remercier.<\/p>\n<p>Nous rappelons quelques-uns des projets actuellement en cours de r\u00e9alisation. Ils se concentrent sur les situations d\u2019urgence en Afrique de l\u2019Ouest, en Afrique centrale et en Asie.<\/p>\n<p><strong>En R\u00e9publique Centrafricaine<\/strong>, les initiatives ont pour objectif l\u2019am\u00e9lioration des conditions socio-sanitaires de la zone de Bossempt\u00e9l\u00e9, dioc\u00e8se de Bouar. Un exemple est le projet \u00ab\u00a0<em>R<\/em><em>enforcement des services de sant\u00e9 de l&rsquo;h\u00f4pital Jean-Paul II\u00a0\u00bb<\/em>, g\u00e9r\u00e9 par les religieux camilliens de Bossempt\u00e9l\u00e9, qui vise \u00e0 am\u00e9liorer l&rsquo;acc\u00e8s aux services de sant\u00e9 pour la population vuln\u00e9rable et augmenter leur capacit\u00e9 \u00e0 atteindre les villages voisins avec un service de clinique mobile et soins \u00e0 domicile. L&rsquo;h\u00f4pital a \u00e9t\u00e9 am\u00e9lior\u00e9 avec la fourniture de m\u00e9dicaments, d&rsquo;\u00e9quipements m\u00e9dicaux, d&rsquo;\u00e9quipements biom\u00e9dicaux et une plus grande offre de services. Le personnel de sant\u00e9 a \u00e9t\u00e9 form\u00e9 dans les domaines orthop\u00e9dique, p\u00e9diatrique, pharmaceutique et des laboratoires d&rsquo;analyses. Gr\u00e2ce \u00e0 cette intervention, 4300 personnes, dont 1250 enfants, peuvent d\u00e9sormais b\u00e9n\u00e9ficier des services hospitaliers et des examens m\u00e9dicaux.<\/p>\n<p><a href=\"https:\/\/www.salutesviluppo.org\/wp-content\/uploads\/2019\/12\/maternit%C3%A0donneAttesaVisita.jpg\"><img loading=\"lazy\" decoding=\"async\" class=\"aligncenter wp-image-3740 size-large\" src=\"https:\/\/www.salutesviluppo.org\/wp-content\/uploads\/2019\/12\/maternit%C3%A0donneAttesaVisita-1024x768.jpg\" alt=\"\" width=\"1024\" height=\"768\"><\/a><\/p>\n<p><a href=\"https:\/\/www.salutesviluppo.org\/wp-content\/uploads\/2020\/01\/FormazioneSanitariaBossemptele-e1579510330719.jpg\"><img loading=\"lazy\" decoding=\"async\" class=\"aligncenter wp-image-5671 size-large\" src=\"https:\/\/www.salutesviluppo.org\/wp-content\/uploads\/2020\/01\/FormazioneSanitariaBossemptele-e1579510330719-1024x768.jpg\" alt=\"\" width=\"1024\" height=\"768\"><\/a><\/p>\n<p>En Afrique de l&rsquo;Ouest, au <strong>Burkina Faso<\/strong>, deux projets innovants ont \u00e9t\u00e9 lanc\u00e9s pour am\u00e9liorer le d\u00e9veloppement socio-\u00e9conomique de la zone de Tenkodogo. Le projet \u00ab\u00a0L&rsquo;oro di Bagr\u00e8\u00a0\u00bb pour augmenter la culture, la production et la commercialisation du riz et le projet \u00ab\u00a0Latte Sano\u00a0\u00bb \u200b\u200bpour Tenkodog\u00f2, dans la province du Boulgou, o\u00f9 le seuil de pauvret\u00e9 enregistre un indice \u00e9gal \u00e0 55,1% et a des limites s\u00e9v\u00e8res sur l&rsquo;acc\u00e8s aux services de sant\u00e9 de base, \u00e0 l&rsquo;\u00e9ducation, \u00e0 l&rsquo;eau potable, \u00e0 la capacit\u00e9 de g\u00e9n\u00e9rer des revenus. Gr\u00e2ce \u00e0 ces initiatives, les techniques de production et de productivit\u00e9 du riz ont \u00e9t\u00e9 am\u00e9lior\u00e9es, facilitant l&rsquo;acc\u00e8s \u00e0 la population de la zone et r\u00e9pondant aux besoins alimentaires de la zone. L&rsquo;agriculture traditionnelle s&rsquo;est transform\u00e9e en agriculture moderne, fournissant des outils agricoles innovants et une formation technique et professionnelle ad\u00e9quate.<\/p>\n<p><a href=\"https:\/\/www.salutesviluppo.org\/wp-content\/uploads\/2021\/09\/IMG_20181114_154034.jpg\"><img loading=\"lazy\" decoding=\"async\" class=\"aligncenter wp-image-6085 size-large\" src=\"https:\/\/www.salutesviluppo.org\/wp-content\/uploads\/2021\/09\/IMG_20181114_154034-1024x768.jpg\" alt=\"\" width=\"1024\" height=\"768\"><\/a><\/p>\n<p><a href=\"https:\/\/www.salutesviluppo.org\/wp-content\/uploads\/2021\/09\/IMG_20181120_150057.jpg\"><img loading=\"lazy\" decoding=\"async\" class=\"wp-image-6089 size-large aligncenter\" src=\"https:\/\/www.salutesviluppo.org\/wp-content\/uploads\/2021\/09\/IMG_20181120_150057-1024x768.jpg\" alt=\"\" width=\"1024\" height=\"768\"><\/a><\/p>\n<p>Apr\u00e8s avoir construit de nombreuses structures de sant\u00e9 dans les pays en d\u00e9veloppement et avoir contribu\u00e9 de mani\u00e8re significative \u00e0 leur croissance, aujourd&rsquo;hui Salute e Sviluppo est d\u00e9sormais devenu un point de r\u00e9f\u00e9rence pour nos missionnaires pour aider les malades et les plus pauvres. Je pense notamment aux h\u00f4pitaux des pays les plus pauvres du monde, comme ceux de Centrafrique, du Burkina Faso, du B\u00e9nin, de C\u00f4te d&rsquo;Ivoire sans oublier ceux du Kenya, d&rsquo;Arm\u00e9nie, de G\u00e9orgie, etc&#8230;<\/p>\n<p>A cet \u00e9gard, Salute eSviluppo entend mettre en place le <strong><em>Fonds des Missions Camilliennes de l&rsquo;AMOC<\/em><\/strong> d\u00e9di\u00e9 \u00e0 cet effet. L&rsquo;acronyme <strong>AMOC<\/strong>signifie <strong>Assurance Maladie Oeuvres Camilliennes.<\/strong> Le fonds sera vers\u00e9 sous forme de remboursement des frais de sant\u00e9 pour les patients n\u00e9cessiteux qui d\u00e9pendent des soins dans les \u00e9tablissements de sant\u00e9 camilliens et s&rsquo;inscrivent \u00e0 l&rsquo;AMOC. Nous demandons \u00e0 tous nos lecteurs de contribuer \u00e0 alimenter ce fonds dont l&rsquo;utilisation sera rendue publique sur le site Salute e Sviluppo. Les offres re\u00e7ues seront \u00e9ligibles aux d\u00e9ductions fiscales pr\u00e9vues par la loi.<\/p>\n<p>Nous esp\u00e9rons qu&rsquo;\u00e0 travers cette nouvelle initiative, la Providence de Dieu continuera \u00e0 nous aider. (P. Felice de Miranda)<\/p>\n<p><strong>AIDEZ-NOUS \u00c0 AIDER<\/strong><\/p>\n<p><strong>Salute e Sviluppo Onlus<\/strong><\/p>\n<p><em>Aux c\u00f4t\u00e9s des Camilliens dans le monde<\/em><\/p>\n<p>Piazza della Maddalena, 53 \u2013 00186 Roma<\/p>\n<p>Tel. 0689982151\/52\/53\/54<\/p>\n<p>email: info@salutesviluppo.org<\/p>\n<p><strong>IBAN IT 62G02 00805 18100 04003 21240 (Unicredit)<\/strong><\/p>\n<p>ou<\/p>\n<p><strong>IBAN IT17 X076 0103 2000 0002 6485 086 (BancoPosta)<\/strong><\/p>\n<p><strong>Motif<\/strong>: don au Fonds AMOC Missions camilliennes<\/p>\n","protected":false},"excerpt":{"rendered":"<p>L\u2019histoire des missions camilliennes est une histoire s\u00e9culaire. Les religieux de l\u2019Ordre, dans son premier si\u00e8cle de vie, le XVII si\u00e8cle, \u00e9taient surtout engag\u00e9s en Italie o\u00f9 ne manquaient pas des situations dramatiques avec les \u00e9pid\u00e9mies et les pestilences dans lesquelles les camilliens t\u00e9moignaient souvent d\u2019une charit\u00e9 h\u00e9ro\u00efque. La plus c\u00e9l\u00e8bre est l&rsquo;\u00e9pidemie de peste [&hellip;]<\/p>\n","protected":false},"author":2,"featured_media":0,"comment_status":"closed","ping_status":"closed","sticky":false,"template":"","format":"standard","meta":{"_acf_changed":false,"_jetpack_memberships_contains_paid_content":false,"footnotes":""},"categories":[98,100],"tags":[],"post_flags":[],"class_list":["post-6266","post","type-post","status-publish","format-standard","hentry","category-en-evidence","category-storie"],"acf":[],"jetpack_featured_media_url":"","jetpack_sharing_enabled":true,"_links":{"self":[{"href":"https:\/\/salutesviluppo.org\/fr\/wp-json\/wp\/v2\/posts\/6266","targetHints":{"allow":["GET"]}}],"collection":[{"href":"https:\/\/salutesviluppo.org\/fr\/wp-json\/wp\/v2\/posts"}],"about":[{"href":"https:\/\/salutesviluppo.org\/fr\/wp-json\/wp\/v2\/types\/post"}],"author":[{"embeddable":true,"href":"https:\/\/salutesviluppo.org\/fr\/wp-json\/wp\/v2\/users\/2"}],"replies":[{"embeddable":true,"href":"https:\/\/salutesviluppo.org\/fr\/wp-json\/wp\/v2\/comments?post=6266"}],"version-history":[{"count":1,"href":"https:\/\/salutesviluppo.org\/fr\/wp-json\/wp\/v2\/posts\/6266\/revisions"}],"predecessor-version":[{"id":9781,"href":"https:\/\/salutesviluppo.org\/fr\/wp-json\/wp\/v2\/posts\/6266\/revisions\/9781"}],"wp:attachment":[{"href":"https:\/\/salutesviluppo.org\/fr\/wp-json\/wp\/v2\/media?parent=6266"}],"wp:term":[{"taxonomy":"category","embeddable":true,"href":"https:\/\/salutesviluppo.org\/fr\/wp-json\/wp\/v2\/categories?post=6266"},{"taxonomy":"post_tag","embeddable":true,"href":"https:\/\/salutesviluppo.org\/fr\/wp-json\/wp\/v2\/tags?post=6266"},{"taxonomy":"post_flag","embeddable":true,"href":"https:\/\/salutesviluppo.org\/fr\/wp-json\/wp\/v2\/post_flags?post=6266"}],"curies":[{"name":"wp","href":"https:\/\/api.w.org\/{rel}","templated":true}]}}