{"id":8139,"date":"2022-04-02T11:30:15","date_gmt":"2022-04-02T10:30:15","guid":{"rendered":"https:\/\/www.salutesviluppo.org\/apprenons-a-connaitre-la-sante-dans-la-province-douham-pende\/"},"modified":"2024-08-06T13:52:22","modified_gmt":"2024-08-06T12:52:22","slug":"apprenons-a-connaitre-la-sante-dans-la-province-douham-pende","status":"publish","type":"post","link":"https:\/\/salutesviluppo.org\/fr\/apprenons-a-connaitre-la-sante-dans-la-province-douham-pende\/","title":{"rendered":"APPRENONS \u00c0 CONNA\u00ceTRE LA SANT\u00c9 DANS LA PROVINCE D&rsquo;OUHAM-PENDE&rsquo; !"},"content":{"rendered":"<p><a href=\"https:\/\/www.salutesviluppo.org\/wp-content\/uploads\/2022\/04\/IMG_1406-scaled.jpg\"><img loading=\"lazy\" decoding=\"async\" class=\"alignnone size-full wp-image-8096\" src=\"https:\/\/www.salutesviluppo.org\/wp-content\/uploads\/2022\/04\/IMG_1406-scaled.jpg\" alt=\"\" width=\"2560\" height=\"1920\"><\/a><\/p>\n<p>Nous sommes toujours en R\u00e9publique centrafricaine avec le projet, qui a d\u00e9but\u00e9 le 1er janvier 2021, <strong>Sant\u00e9 et hygi\u00e8ne pour les communaut\u00e9s de Bossempt\u00e9l\u00e9,<\/strong> <strong>financ\u00e9 par la <em>FONDATION ASSISTANCE INTERNATIONALE (FAI).<\/em><\/strong> Plus pr\u00e9cis\u00e9ment, nous sommes dans la province de l&rsquo;Ouham-Pend\u00e9, o\u00f9 les conditions de vie des populations locales sont pr\u00e9caires, les services primaires font d\u00e9faut et la province est l&rsquo;une des plus pauvres de la plan\u00e8te. La guerre civile et les troubles sociopolitiques qui persistent depuis des ann\u00e9es dans le pays compromettent la possibilit\u00e9 de cr\u00e9er les infrastructures n\u00e9cessaires et d&rsquo;am\u00e9liorer sensiblement la qualit\u00e9 de vie.<\/p>\n<p>Salute e Sviluppo et la D\u00e9l\u00e9gation Camillienne en Afrique Centrale sont engag\u00e9s depuis longtemps dans la r\u00e9alisation de projets visant \u00e0 poser les bases d&rsquo;un d\u00e9veloppement significatif et durable. En particulier <strong>L&rsquo;h\u00f4pital Jean-Paul II est une grande r\u00e9ussite.<\/strong>Il travaille avec les communaut\u00e9s locales depuis des ann\u00e9es et est l&rsquo;un des rares centres de sant\u00e9 capables d&rsquo;offrir les traitements n\u00e9cessaires \u00e0 l&rsquo;ensemble de la population de la r\u00e9gion, qui est afflig\u00e9e par toute une s\u00e9rie de maladies caus\u00e9es par la pauvret\u00e9, le manque d&rsquo;eau, mais aussi par une mauvaise \u00e9ducation \u00e0 l&rsquo;hygi\u00e8ne.<\/p>\n<p><a href=\"https:\/\/www.salutesviluppo.org\/wp-content\/uploads\/2022\/04\/IMG_1326-scaled.jpg\"><img loading=\"lazy\" decoding=\"async\" class=\"wp-image-8092 aligncenter\" src=\"https:\/\/www.salutesviluppo.org\/wp-content\/uploads\/2022\/04\/IMG_1326-scaled.jpg\" alt=\"\" width=\"392\" height=\"294\"><\/a><\/p>\n<p>L&rsquo;objectif principal du projet <strong>La sant\u00e9 et l&rsquo;hygi\u00e8ne pour les communaut\u00e9s de Bossempt\u00e9l\u00e9<\/strong> consiste \u00e0 fournir du mat\u00e9riel sanitaire, des m\u00e9dicaments et du personnel m\u00e9dical pour garantir des normes de plus en plus \u00e9lev\u00e9es \u00e0 l&rsquo;h\u00f4pital Jean-Paul II et \u00e0 construire les infrastructures n\u00e9cessaires au travail de l&rsquo;h\u00f4pital : des puits et un syst\u00e8me photovolta\u00efque sont essentiels pour alimenter la mise en \u0153uvre de toutes les activit\u00e9s de sant\u00e9. Traduit avec www.DeepL.com\/Translator (version gratuite)<\/p>\n<p>L&rsquo;objectif secondaire est tout aussi important que l&rsquo;objectif primaire, car l&rsquo;absence d&rsquo;\u00e9ducation est parfois la cause de maladies facilement \u00e9vitables. Pour rem\u00e9dier \u00e0 ce probl\u00e8me, <strong>le projet pr\u00e9voit une s\u00e9rie de r\u00e9unions hebdomadaires avec les agents de sant\u00e9 des h\u00f4pitaux sur des sujets sp\u00e9cifiques tels que la nutrition, les vitamines, le tabac, l&rsquo;alcool, l&rsquo;hygi\u00e8ne personnelle, la vaccination, la pr\u00e9vention du paludisme, l&rsquo;hygi\u00e8ne environnementale, etc..<\/strong> Non seulement au sein des installations de l&rsquo;h\u00f4pital, mais aussi par le biais d&rsquo;une \u00e9quipe de cliniques mobiles, des campagnes de sensibilisation sont \u00e9galement men\u00e9es dans les zones rurales entourant Bossempt\u00e9l\u00e9.<\/p>\n<p>&nbsp;<\/p>\n<p>Les patients, les communaut\u00e9s voisines et les jeunes sont les principaux b\u00e9n\u00e9ficiaires : environ 6 000 patients par an \u00e0 l&rsquo;h\u00f4pital auront acc\u00e8s \u00e0 des soins m\u00e9dicaux de haute qualit\u00e9 ; <strong>Environ 3 500 personnes des communaut\u00e9s<\/strong> locales concern\u00e9es seront davantage sensibilis\u00e9es et form\u00e9es \u00e0 la sant\u00e9 et \u00e0 l&rsquo;hygi\u00e8ne, et 20 enfants par an recevront une formation professionnelle dans le domaine de la sant\u00e9.<\/p>\n<p>La d\u00e9l\u00e9gation camillienne en R\u00e9publique centrafricaine continuera \u00e0 g\u00e9rer l&rsquo;h\u00f4pital, en fournissant des services de sant\u00e9 \u00e0 la population locale et en activant la participation et la collaboration op\u00e9rationnelle avec les dispensaires publics locaux. <strong>Le<\/strong><strong>Minist\u00e8re de la Sant\u00e9, le Minist\u00e8re de l&rsquo;Enseignement Sup\u00e9rieur, l&rsquo;Association pour les \u0152uvres M\u00e9dicales des Eglises en Centrafrique &#8211; ASSOMESCA et l&rsquo;Ordre des Carm\u00e9lites de Bossempt\u00e9l\u00e9 sont tous des acteurs locaux impliqu\u00e9s dans la mise en \u0153uvre du projet.<\/strong> <\/p>\n<p>Le projet, d&rsquo;une dur\u00e9e de 30 mois, vise \u00e0 cr\u00e9er des structures durables et p\u00e9rennes qui seront un point de r\u00e9f\u00e9rence pour les communaut\u00e9s locales et qui pourront am\u00e9liorer efficacement les conditions de sant\u00e9 dans la r\u00e9gion de l&rsquo;Ouham-Pend\u00e9.<\/p>\n<p><strong>Nous vous tiendrons inform\u00e9s de tous les d\u00e9veloppements !<\/strong><\/p>\n<p><a href=\"https:\/\/www.salutesviluppo.org\/wp-content\/uploads\/2022\/04\/NQGT1292.jpg\"><img loading=\"lazy\" decoding=\"async\" class=\"size-full wp-image-8104 aligncenter\" src=\"https:\/\/www.salutesviluppo.org\/wp-content\/uploads\/2022\/04\/NQGT1292.jpg\" alt=\"\" width=\"1080\" height=\"806\"><\/a><\/p>\n<p>Nous remercions la <strong><em>FONDATION ASSISTANCE INTERNATIONALE<\/em><\/strong> <strong>(FAI)<\/strong> pour sa contribution.<a href=\"https:\/\/www.salutesviluppo.org\/wp-content\/uploads\/2017\/10\/Logo-FAI.jpg\"><img loading=\"lazy\" decoding=\"async\" class=\"alignnone wp-image-5369\" src=\"https:\/\/www.salutesviluppo.org\/wp-content\/uploads\/2017\/10\/Logo-FAI.jpg\" alt=\"\" width=\"109\" height=\"31\"><\/a><\/p>\n","protected":false},"excerpt":{"rendered":"<p>Nous sommes toujours en R\u00e9publique centrafricaine avec le projet, qui a d\u00e9but\u00e9 le 1er janvier 2021, Sant\u00e9 et hygi\u00e8ne pour les communaut\u00e9s de Bossempt\u00e9l\u00e9, financ\u00e9 par la FONDATION ASSISTANCE INTERNATIONALE (FAI). Plus pr\u00e9cis\u00e9ment, nous sommes dans la province de l&rsquo;Ouham-Pend\u00e9, o\u00f9 les conditions de vie des populations locales sont pr\u00e9caires, les services primaires font d\u00e9faut [&hellip;]<\/p>\n","protected":false},"author":2,"featured_media":10612,"comment_status":"closed","ping_status":"closed","sticky":false,"template":"","format":"standard","meta":{"_acf_changed":false,"_jetpack_memberships_contains_paid_content":false,"footnotes":""},"categories":[39,78],"tags":[],"post_flags":[],"class_list":["post-8139","post","type-post","status-publish","format-standard","has-post-thumbnail","hentry","category-nouvelles","category-repubblica-centrafricana"],"acf":[],"jetpack_featured_media_url":"https:\/\/salutesviluppo.org\/wp-content\/uploads\/2022\/04\/impariamo-a.jpg","jetpack_sharing_enabled":true,"_links":{"self":[{"href":"https:\/\/salutesviluppo.org\/fr\/wp-json\/wp\/v2\/posts\/8139","targetHints":{"allow":["GET"]}}],"collection":[{"href":"https:\/\/salutesviluppo.org\/fr\/wp-json\/wp\/v2\/posts"}],"about":[{"href":"https:\/\/salutesviluppo.org\/fr\/wp-json\/wp\/v2\/types\/post"}],"author":[{"embeddable":true,"href":"https:\/\/salutesviluppo.org\/fr\/wp-json\/wp\/v2\/users\/2"}],"replies":[{"embeddable":true,"href":"https:\/\/salutesviluppo.org\/fr\/wp-json\/wp\/v2\/comments?post=8139"}],"version-history":[{"count":1,"href":"https:\/\/salutesviluppo.org\/fr\/wp-json\/wp\/v2\/posts\/8139\/revisions"}],"predecessor-version":[{"id":9819,"href":"https:\/\/salutesviluppo.org\/fr\/wp-json\/wp\/v2\/posts\/8139\/revisions\/9819"}],"wp:featuredmedia":[{"embeddable":true,"href":"https:\/\/salutesviluppo.org\/fr\/wp-json\/wp\/v2\/media\/10612"}],"wp:attachment":[{"href":"https:\/\/salutesviluppo.org\/fr\/wp-json\/wp\/v2\/media?parent=8139"}],"wp:term":[{"taxonomy":"category","embeddable":true,"href":"https:\/\/salutesviluppo.org\/fr\/wp-json\/wp\/v2\/categories?post=8139"},{"taxonomy":"post_tag","embeddable":true,"href":"https:\/\/salutesviluppo.org\/fr\/wp-json\/wp\/v2\/tags?post=8139"},{"taxonomy":"post_flag","embeddable":true,"href":"https:\/\/salutesviluppo.org\/fr\/wp-json\/wp\/v2\/post_flags?post=8139"}],"curies":[{"name":"wp","href":"https:\/\/api.w.org\/{rel}","templated":true}]}}