{"id":8144,"date":"2021-10-01T11:41:42","date_gmt":"2021-10-01T10:41:42","guid":{"rendered":"https:\/\/www.salutesviluppo.org\/republique-centrafricaine-notre-engagement-en-faveur-de-la-sante-et-de-la-nutrition-croit\/"},"modified":"2024-08-06T13:52:13","modified_gmt":"2024-08-06T12:52:13","slug":"republique-centrafricaine-notre-engagement-en-faveur-de-la-sante-et-de-la-nutrition-croit","status":"publish","type":"post","link":"https:\/\/salutesviluppo.org\/fr\/republique-centrafricaine-notre-engagement-en-faveur-de-la-sante-et-de-la-nutrition-croit\/","title":{"rendered":"R\u00c9PUBLIQUE CENTRAFRICAINE : NOTRE ENGAGEMENT EN FAVEUR DE LA SANT\u00c9 ET DE LA NUTRITION CRO\u00ceT"},"content":{"rendered":"<p>Gr\u00e2ce \u00e0 l\u2019initiative \u00ab\u00a0<strong>Sant\u00e9 et Nutrition pour la population vuln\u00e9rable de la sous-pr\u00e9fecture de Bossempt\u00e9l\u00e9<\/strong>\u00ab\u00a0, financ\u00e9e par l\u2019<em>Agence italienne pour la coop\u00e9ration au d\u00e9veloppement (AICS)<\/em>, poursuit l\u2019engagement de Salute e Sviluppo pour augmenter l\u2019acc\u00e8s aux services essentiels de base en R\u00e9publique Centrafricaine. Le projet, lanc\u00e9 le 27 septembre 2021, s\u2019inscrit dans la continuit\u00e9 des pr\u00e9c\u00e9dentes initiatives d\u2019urgence visant \u00e0 soutenir la population de Bossempt\u00e9l\u00e9, dans le but de garantir aux populations particuli\u00e8rement vuln\u00e9rables l\u2019acc\u00e8s \u00e0 la sant\u00e9, \u00e0 la nourriture et \u00e0 l\u2019eau.<\/p>\n<p>La R\u00e9publique centrafricaine (RCA) est l&rsquo;un des pays les plus pauvres du monde. La grave crise humanitaire qui frappe le pays depuis des ann\u00e9es continue de cr\u00e9er des r\u00e9percussions dramatiques sur les conditions de vie de la population.<\/p>\n<p>Sur le plan de la sant\u00e9, le pays se trouve dans un \u00e9tat chronique d\u2019urgence en raison d\u2019une p\u00e9nurie de m\u00e9dicaments et d\u2019\u00e9quipements ad\u00e9quats et d\u2019un manque de personnel qualifi\u00e9 et sp\u00e9cialis\u00e9. Les structures sanitaires en dehors de la capitale sont presque inexistantes et les r\u00e9cents affrontements entre forces rebelles et milices gouvernementales ont consid\u00e9rablement limit\u00e9 leur capacit\u00e9 \u00e0 fournir des soins en particulier aux femmes et aux enfants.<\/p>\n<p>Dans la sous-pr\u00e9fecture de Bossempt\u00e9l\u00e9, le taux d\u2019acc\u00e8s aux services de sant\u00e9 n\u2019est que de 45%. L\u2019h\u00f4pital Saint-Jean-Paul II est la seule structure hospitali\u00e8re pr\u00e9sente. L\u2019accueil des patients (m\u00eame en cas d\u2019urgence) a lieu dans une petite et unique pi\u00e8ce o\u00f9 les consultations sont \u00e9galement effectu\u00e9es. L&rsquo;espace r\u00e9serv\u00e9 aux premiers secours est nettement insuffisant et insuffisamment \u00e9quip\u00e9. Seuls cinq villages disposent de <em>postes de sant\u00e9<\/em>, des structures de premier niveau situ\u00e9es dans des zones \u00e9loign\u00e9es et p\u00e9riph\u00e9riques, o\u00f9 travaillent des \u00ab\u00a0securistes\u00a0\u00bb (infirmi\u00e8res sans qualification), et qui fonctionnent principalement sur une base communautaire. Elles sont dans un \u00e9tat pr\u00e9caire, constitu\u00e9es d&rsquo;une ou deux petites pi\u00e8ces, avec des toits et des murs pleins de fissures et de grandes ouvertures qui provoquent des inondations en cas de pluie, o\u00f9 les gens accouchent \u00e0 m\u00eame le sol en l&rsquo;absence de lits et de chaises. La plupart d&rsquo;entre elles ne sont pas meubl\u00e9es et manquent de consommables et d&rsquo;\u00e9quipements m\u00e9dicaux. Certains sont utilis\u00e9s comme abri de nuit lorsqu&rsquo;ils ne sont pas en service.<\/p>\n<p>Dans ce contexte fragile, le projet vise \u00e0 renforcer l\u2019assistance sanitaire et nutritionnelle des communaut\u00e9s locales, en augmentant la disponibilit\u00e9, la qualit\u00e9 et la couverture des services offerts dans les h\u00f4pitaux et les villages et en garantissant l\u2019acc\u00e8s \u00e0 la nourriture et \u00e0 l\u2019eau.<\/p>\n<p>Ce que le projet apportera concr\u00e8tement \u00e0 <strong>environ 25000 personnes <\/strong>vivant dans la zone d\u2019intervention agira sur deux niveaux interconnect\u00e9s.<\/p>\n<p>\u00c0 l\u2019h\u00f4pital, il est pr\u00e9vu de :<\/p>\n<ul>\n<li>R\u00e9habiliter la salle de premi\u00e8rs secours et consultations<\/li>\n<li>Fournir des m\u00e9dicaments et des consommables<\/li>\n<li>Organiser des sessions de formation pour le personnel de sant\u00e9<\/li>\n<li>R\u00e9aliser et \u00e9quiper un local pour la pr\u00e9paration des aliments<\/li>\n<li>Distribuer des repas quotidiens aux patients<\/li>\n<\/ul>\n<p>Dans les villages il est pr\u00e9vu de:<\/p>\n<ul>\n<li>R\u00e9habiliter trois dispensaires et construire un nouveau poste de sant\u00e9<\/li>\n<li>Former les op\u00e9rateurs des postes de sant\u00e9<\/li>\n<li>Renforcer le service de clinique mobile et du service d&rsquo;information, d&rsquo;\u00e9ducation et de communication (IEC) sur l&rsquo;hygi\u00e8ne et la nutrition.<\/li>\n<\/ul>\n<p>Le projet aura une dur\u00e9e annuelle. Nous vous tiendrons bient\u00f4t au courant de l&rsquo;avancement des activit\u00e9s et des r\u00e9sultats que nous obtiendrons !<\/p>\n","protected":false},"excerpt":{"rendered":"<p>Gr\u00e2ce \u00e0 l\u2019initiative \u00ab\u00a0Sant\u00e9 et Nutrition pour la population vuln\u00e9rable de la sous-pr\u00e9fecture de Bossempt\u00e9l\u00e9\u00ab\u00a0, financ\u00e9e par l\u2019Agence italienne pour la coop\u00e9ration au d\u00e9veloppement (AICS), poursuit l\u2019engagement de Salute e Sviluppo pour augmenter l\u2019acc\u00e8s aux services essentiels de base en R\u00e9publique Centrafricaine. Le projet, lanc\u00e9 le 27 septembre 2021, s\u2019inscrit dans la continuit\u00e9 des pr\u00e9c\u00e9dentes [&hellip;]<\/p>\n","protected":false},"author":2,"featured_media":8038,"comment_status":"closed","ping_status":"closed","sticky":false,"template":"","format":"standard","meta":{"_acf_changed":false,"_jetpack_memberships_contains_paid_content":false,"footnotes":""},"categories":[48,84],"tags":[],"post_flags":[],"class_list":["post-8144","post","type-post","status-publish","format-standard","has-post-thumbnail","hentry","category-conclu","category-republique-centrafricaine"],"acf":[],"jetpack_featured_media_url":"","jetpack_sharing_enabled":true,"_links":{"self":[{"href":"https:\/\/salutesviluppo.org\/fr\/wp-json\/wp\/v2\/posts\/8144","targetHints":{"allow":["GET"]}}],"collection":[{"href":"https:\/\/salutesviluppo.org\/fr\/wp-json\/wp\/v2\/posts"}],"about":[{"href":"https:\/\/salutesviluppo.org\/fr\/wp-json\/wp\/v2\/types\/post"}],"author":[{"embeddable":true,"href":"https:\/\/salutesviluppo.org\/fr\/wp-json\/wp\/v2\/users\/2"}],"replies":[{"embeddable":true,"href":"https:\/\/salutesviluppo.org\/fr\/wp-json\/wp\/v2\/comments?post=8144"}],"version-history":[{"count":1,"href":"https:\/\/salutesviluppo.org\/fr\/wp-json\/wp\/v2\/posts\/8144\/revisions"}],"predecessor-version":[{"id":9790,"href":"https:\/\/salutesviluppo.org\/fr\/wp-json\/wp\/v2\/posts\/8144\/revisions\/9790"}],"wp:featuredmedia":[{"embeddable":true,"href":"https:\/\/salutesviluppo.org\/fr\/wp-json\/"}],"wp:attachment":[{"href":"https:\/\/salutesviluppo.org\/fr\/wp-json\/wp\/v2\/media?parent=8144"}],"wp:term":[{"taxonomy":"category","embeddable":true,"href":"https:\/\/salutesviluppo.org\/fr\/wp-json\/wp\/v2\/categories?post=8144"},{"taxonomy":"post_tag","embeddable":true,"href":"https:\/\/salutesviluppo.org\/fr\/wp-json\/wp\/v2\/tags?post=8144"},{"taxonomy":"post_flag","embeddable":true,"href":"https:\/\/salutesviluppo.org\/fr\/wp-json\/wp\/v2\/post_flags?post=8144"}],"curies":[{"name":"wp","href":"https:\/\/api.w.org\/{rel}","templated":true}]}}