{"id":8726,"date":"2023-02-24T10:26:12","date_gmt":"2023-02-24T09:26:12","guid":{"rendered":"https:\/\/www.salutesviluppo.org\/sante-et-nutrition-en-bossemptele\/"},"modified":"2024-08-06T13:52:43","modified_gmt":"2024-08-06T12:52:43","slug":"sante-et-nutrition-en-bossemptele","status":"publish","type":"post","link":"https:\/\/salutesviluppo.org\/fr\/sante-et-nutrition-en-bossemptele\/","title":{"rendered":"SANT\u00c9 ET NUTRITION EN BOSSEMPT\u00c9L\u00c9"},"content":{"rendered":"<p><a href=\"https:\/\/www.salutesviluppo.org\/wp-content\/uploads\/2022\/12\/AICSStellone_IT_Orizz_fondo-bianco-low-def.png\"><img loading=\"lazy\" decoding=\"async\" class=\"alignnone wp-image-8510\" src=\"https:\/\/www.salutesviluppo.org\/wp-content\/uploads\/2022\/12\/AICSStellone_IT_Orizz_fondo-bianco-low-def.png\" alt=\"\" width=\"147\" height=\"25\"><\/a><\/p>\n<p><strong>Le projet \u00ab\u00a0Sant\u00e9 et nutrition pour la population vuln\u00e9rable de la sous-pr\u00e9fecture de Bossempt\u00e9l\u00e9\u00a0\u00bb<\/strong> est un projet dont nous vous avons parl\u00e9 \u00e0 maintes reprises, en relatant toutes les \u00e9tapes que nous avons progressivement franchies. Le projet, qui fait partie <strong>de l'\u00a0\u00bbInitiative d&rsquo;urgence pour soutenir la population vuln\u00e9rable en R\u00e9publique centrafricaine\u00a0\u00bb, a \u00e9t\u00e9 financ\u00e9 par l&rsquo;Agence italienne pour la coop\u00e9ration au d\u00e9veloppement (AICS)<\/strong> et a d\u00e9but\u00e9 en septembre 2021.<\/p>\n<p>Les interventions ont \u00e9t\u00e9 concentr\u00e9e<strong>s \u00e0 Bossempt\u00e9l\u00e9, la ville o\u00f9 se trouve l&rsquo;h\u00f4pital Jean-Paul II &#8211;<\/strong> le centre de sant\u00e9 de toute la r\u00e9gion &#8211; et dans les 75 km environnants. Nous sommes en R\u00e9publique centrafricaine, un pays end\u00e9miquement pauvre, o\u00f9 de nombreux services de base sont l&rsquo;apanage de quelques-uns, tandis que la majorit\u00e9 de la population souffre de pr\u00e9carit\u00e9 et d&rsquo;ins\u00e9curit\u00e9, tant sur le plan sanitaire qu&rsquo;alimentaire. De plus, depuis quelques ann\u00e9es, des groupes rebelles rendent le pays encore plus instable, menant des actions violentes et effrayant une population d\u00e9j\u00e0 tr\u00e8s \u00e9prouv\u00e9e.<\/p>\n<p>\u00c0 Salute e Sviluppo, nous avons \u00e9galement d\u00fb faire face, au cours de ce projet, \u00e0 cette situation qui a ralenti le travail, le rendant plus difficile et plus dangereux. Malgr\u00e9 cela, nous avons pu atteindre la plupart des objectifs que nous nous \u00e9tions fix\u00e9s, notamment l<strong>a construction d&rsquo;une salle d&rsquo;urgence pour l&rsquo;h\u00f4pital Jean-Paul II.<\/strong> Avant notre intervention, l&rsquo;h\u00f4pital n&rsquo;avait pas la possibilit\u00e9 d&rsquo;accueillir les patients les plus graves dans une salle adapt\u00e9e. Aujourd&rsquo;hui, la salle d&rsquo;urgence a \u00e9t\u00e9 achev\u00e9e, tant en termes de construction structurelle que d&rsquo;\u00e9quipement. Au cours de cette ann\u00e9e de travaux, l&rsquo;h\u00f4pital a n\u00e9anmoins p<strong>u accueillir plus de 9<\/strong> 000 patients, dont environ un tiers a \u00e9t\u00e9 admis pour recevoir le traitement ad\u00e9quat.<\/p>\n<p>Une autre lacune que nous avions identifi\u00e9e tr\u00e8s t\u00f4t concernait la capacit\u00e9 de l&rsquo;h\u00f4pital \u00e0 garantir les repas n\u00e9cessaires aux patients hospitalis\u00e9s : la plupart de ceux qui arrivent dans l&rsquo;\u00e9tablissement souffrent d&rsquo;un \u00e9tat de malnutrition grave et ont besoin de r\u00e9tablir un r\u00e9gime alimentaire appropri\u00e9. Dans le cadre de ce projet, nous avons <strong>construit une cuisine adjacente aux locaux de l&rsquo;h\u00f4pita<\/strong>l, qui peut offrir trois repas par jour \u00e0 tous les patients. Bien que le gros \u0153uvre vienne \u00e0 peine d&rsquo;\u00eatre achev\u00e9, une cuisine temporaire a \u00e9t\u00e9 mise en place depuis le d\u00e9but du projet, <strong>ce qui a permis de fournir trois repas complets par jour \u00e0 plus de 1600 patients.<\/strong><\/p>\n<p><a href=\"https:\/\/www.salutesviluppo.org\/wp-content\/uploads\/2023\/02\/IMG_2236-scaled.jpeg\"><img loading=\"lazy\" decoding=\"async\" class=\"alignnone size-full wp-image-8643\" src=\"https:\/\/www.salutesviluppo.org\/wp-content\/uploads\/2023\/02\/IMG_2236-scaled.jpeg\" alt=\"\" width=\"1920\" height=\"2560\"><\/a><\/p>\n<p>Afin d&rsquo;augmenter la capacit\u00e9 de l&rsquo;h\u00f4pital Jean-Paul II \u00e0 r\u00e9pondre de mani\u00e8re ad\u00e9quate \u00e0 la demande de soins de la population locale, nous avons d\u00e9cid\u00e9 de lancer un programme de formation pour le personnel de sant\u00e9. Gr\u00e2ce \u00e0 cette initiative, <strong>38 travailleurs sp\u00e9cialis\u00e9s dans l&rsquo;obst\u00e9trique<\/strong>, l&rsquo;ophtalmologie, les techniques de laboratoire et l&rsquo;entretien du mat\u00e9riel m\u00e9dical ont \u00e9t\u00e9 form\u00e9s.<\/p>\n<p>Afin <strong>de fournir un acc\u00e8s \u00e9tendu aux soins<\/strong> \u00e9galement dans les zones rurales entourant Bossempt\u00e9l\u00e9, nous avons r\u00e9habilit\u00e9, et dans certains cas construit de toutes pi\u00e8ces, les postes de sant\u00e9 situ\u00e9s dans certains villages de la sous-pr\u00e9fecture. Avant notre arriv\u00e9e, ces installations n&rsquo;\u00e9taient pas s\u00fbres, pr\u00e9sentaient de graves probl\u00e8mes structurels et \u00e9taient d\u00e9pourvues de mobilier ou de machines utiles pour les premiers soins. Au cours de l&rsquo;ann\u00e9e, nous avons r\u00e9nov\u00e9, meubl\u00e9 et \u00e9quip\u00e9 en mat\u00e9riel sanitaire les p<em>ostes de sant<\/em>\u00e9 de <strong>Gbawi<\/strong> (40 km de Bossempt\u00e9l\u00e9), <strong>Bodangui<\/strong> (10 km) et <strong>Bombalou<\/strong> (45 km), et nous avons construit un nouveau poste de sant\u00e9 dans le village de <strong>Yangoro<\/strong>, \u00e0 15 km de Bossempt\u00e9l\u00e9. En outre, nous avons form\u00e9 plus de <strong>30 travailleurs<\/strong> qui assureront un service de sant\u00e9 efficace en g\u00e9rant ces postes de sant\u00e9. En plus de chacune de ces installations, u<strong>n puits a \u00e9galement \u00e9t\u00e9 r\u00e9habilit\u00e9 ou construit,<\/strong> qui fournit de l&rsquo;eau potable non seulement au poste de sant\u00e9, mais aussi \u00e0 l&rsquo;ensemble de la population du village correspondant. Gr\u00e2ce \u00e0 un reliquat de budget, nous avons pu restaurer un puits suppl\u00e9mentaire dans le village de <strong>Boyaram<\/strong>. Au total, p<strong>lus de 21 000 habitants<\/strong> ont acc\u00e8s \u00e0 l&rsquo;eau potable.<\/p>\n<p><a href=\"https:\/\/www.salutesviluppo.org\/wp-content\/uploads\/2023\/02\/20221102_140106-scaled.jpg\"><img loading=\"lazy\" decoding=\"async\" class=\"alignnone wp-image-8647\" src=\"https:\/\/www.salutesviluppo.org\/wp-content\/uploads\/2023\/02\/20221102_140106-scaled.jpg\" alt=\"\" width=\"624\" height=\"351\"><\/a><\/p>\n<p>En plus de ces villages, il y en a beaucoup d&rsquo;autres qui, n&rsquo;ayant pas de poste de sant\u00e9 et \u00e9tant \u00e9loign\u00e9s de Bossempt\u00e9l\u00e9, restent non couverts en termes de sant\u00e9. Pour r\u00e9soudre ce probl\u00e8me, nous avons activ\u00e9 et r<strong>enforc\u00e9 le service de clinique mobile qui,<\/strong> au cours du projet, a pu visiter plus de <strong>27 villages<\/strong> et apporter les premiers soins \u00e0 la population locale. La clinique mobile a \u00e9galement organis\u00e9 des <strong>r\u00e9unions de sensibilisation<\/strong> sur diff\u00e9rents th\u00e8mes de sant\u00e9 et a r\u00e9ussi \u00e0 impliquer <strong>plus d&rsquo;un millier de personnes.<\/strong> Ces derniers mois, le climat d&rsquo;instabilit\u00e9 dans le pays s&rsquo;est aggrav\u00e9 : des groupes rebelles arm\u00e9s ont pris pour cible de vastes zones, dont une partie de la r\u00e9gion o\u00f9 op\u00e8re la clinique mobile, dont certains membres ont \u00e9t\u00e9 contraints de fuir. En raison de cette situation, il n&rsquo;a pas \u00e9t\u00e9 possible de visiter de nombreux villages et de mener \u00e0 bien toutes les activit\u00e9s pr\u00e9vues.<\/p>\n<p>Malgr\u00e9 ces difficult\u00e9s, qui ont entra\u00een\u00e9 plusieurs ralentissements, le projet a enregistr\u00e9 des r\u00e9sultats positifs : <strong>14 % de la population locale en plus a acc\u00e8s aux services de sant\u00e9<\/strong>,  <strong>25 % de plus avaient acc\u00e8s \u00e0 l&rsquo;eau potable<\/strong>, tandis que <strong>la malnutrition est pass\u00e9e de 40 \u00e0 38 %.<\/strong> Les installations que nous avons construites et les activit\u00e9s que nous avons lanc\u00e9es continueront d&rsquo;\u00eatre une aide pr\u00e9cieuse pour les habitants, qui auront enfin acc\u00e8s \u00e0 des services de sant\u00e9 ad\u00e9quats et de meilleure qualit\u00e9.<\/p>\n<p><a href=\"https:\/\/www.salutesviluppo.org\/wp-content\/uploads\/2023\/02\/IMG_0580-scaled.jpg\"><img loading=\"lazy\" decoding=\"async\" class=\"alignnone wp-image-8616\" src=\"https:\/\/www.salutesviluppo.org\/wp-content\/uploads\/2023\/02\/IMG_0580-scaled.jpg\" alt=\"\" width=\"714\" height=\"535\"><\/a><\/p>\n<p>Cet article a \u00e9t\u00e9 r\u00e9alis\u00e9 dans le cadre du projet Sant\u00e9 et Nutrition de la population vuln\u00e9rable de la sous-pr\u00e9fecture de Bossempt\u00e9l\u00e9 AID 05\/RCA\/12049\/2021 financ\u00e9 par l&rsquo;Agence italienne de coop\u00e9ration au d\u00e9veloppement. Le contenu de cette publication rel\u00e8ve de la seule responsabilit\u00e9 de l&rsquo;auteur et ne repr\u00e9sente pas n\u00e9cessairement les vues de l&rsquo;Agence italienne de coop\u00e9ration au d\u00e9veloppement. L&rsquo;Agence italienne de coop\u00e9ration au d\u00e9veloppement n&rsquo;est pas responsable des informations consid\u00e9r\u00e9es comme erron\u00e9es, incompl\u00e8tes, inad\u00e9quates, diffamatoires ou r\u00e9pr\u00e9hensibles de quelque mani\u00e8re que ce soit.<\/p>\n","protected":false},"excerpt":{"rendered":"<p>Le projet \u00ab\u00a0Sant\u00e9 et nutrition pour la population vuln\u00e9rable de la sous-pr\u00e9fecture de Bossempt\u00e9l\u00e9\u00a0\u00bb est un projet dont nous vous avons parl\u00e9 \u00e0 maintes reprises, en relatant toutes les \u00e9tapes que nous avons progressivement franchies. Le projet, qui fait partie de l&rsquo;\u00a0\u00bbInitiative d&rsquo;urgence pour soutenir la population vuln\u00e9rable en R\u00e9publique centrafricaine\u00a0\u00bb, a \u00e9t\u00e9 financ\u00e9 par [&hellip;]<\/p>\n","protected":false},"author":2,"featured_media":10510,"comment_status":"closed","ping_status":"closed","sticky":false,"template":"","format":"standard","meta":{"_acf_changed":false,"_jetpack_memberships_contains_paid_content":false,"footnotes":""},"categories":[37,39,84],"tags":[208,440,269,334,436,193,273,274,276,277,247,441,187,280,281,233,451],"post_flags":[],"class_list":["post-8726","post","type-post","status-publish","format-standard","has-post-thumbnail","hentry","category-conclusi","category-nouvelles","category-republique-centrafricaine","tag-afrique","tag-aics-fr","tag-amour","tag-bambini-fr","tag-centrafrica-fr","tag-cooperation","tag-dona-fr","tag-donaora-fr","tag-noprofit-fr","tag-ong-fr","tag-ong","tag-repubblicacentrafricana-fr","tag-salutesviluppo-fr","tag-sanita-fr","tag-sociale-fr","tag-solidarite","tag-bossemptele-fr"],"acf":[],"jetpack_featured_media_url":"https:\/\/salutesviluppo.org\/wp-content\/uploads\/2023\/02\/bosemptele3.jpg","jetpack_sharing_enabled":true,"_links":{"self":[{"href":"https:\/\/salutesviluppo.org\/fr\/wp-json\/wp\/v2\/posts\/8726","targetHints":{"allow":["GET"]}}],"collection":[{"href":"https:\/\/salutesviluppo.org\/fr\/wp-json\/wp\/v2\/posts"}],"about":[{"href":"https:\/\/salutesviluppo.org\/fr\/wp-json\/wp\/v2\/types\/post"}],"author":[{"embeddable":true,"href":"https:\/\/salutesviluppo.org\/fr\/wp-json\/wp\/v2\/users\/2"}],"replies":[{"embeddable":true,"href":"https:\/\/salutesviluppo.org\/fr\/wp-json\/wp\/v2\/comments?post=8726"}],"version-history":[{"count":1,"href":"https:\/\/salutesviluppo.org\/fr\/wp-json\/wp\/v2\/posts\/8726\/revisions"}],"predecessor-version":[{"id":9868,"href":"https:\/\/salutesviluppo.org\/fr\/wp-json\/wp\/v2\/posts\/8726\/revisions\/9868"}],"wp:featuredmedia":[{"embeddable":true,"href":"https:\/\/salutesviluppo.org\/fr\/wp-json\/wp\/v2\/media\/10510"}],"wp:attachment":[{"href":"https:\/\/salutesviluppo.org\/fr\/wp-json\/wp\/v2\/media?parent=8726"}],"wp:term":[{"taxonomy":"category","embeddable":true,"href":"https:\/\/salutesviluppo.org\/fr\/wp-json\/wp\/v2\/categories?post=8726"},{"taxonomy":"post_tag","embeddable":true,"href":"https:\/\/salutesviluppo.org\/fr\/wp-json\/wp\/v2\/tags?post=8726"},{"taxonomy":"post_flag","embeddable":true,"href":"https:\/\/salutesviluppo.org\/fr\/wp-json\/wp\/v2\/post_flags?post=8726"}],"curies":[{"name":"wp","href":"https:\/\/api.w.org\/{rel}","templated":true}]}}