{"id":8727,"date":"2022-12-16T13:29:33","date_gmt":"2022-12-16T12:29:33","guid":{"rendered":"https:\/\/www.salutesviluppo.org\/cures-et-enseignements-dans-lohuam-pende\/"},"modified":"2024-08-06T13:52:40","modified_gmt":"2024-08-06T12:52:40","slug":"cures-et-enseignements-dans-lohuam-pende","status":"publish","type":"post","link":"https:\/\/salutesviluppo.org\/fr\/cures-et-enseignements-dans-lohuam-pende\/","title":{"rendered":"CURES ET ENSEIGNEMENTS DANS L&rsquo;OHUAM PEND\u00c9"},"content":{"rendered":"<p>La plupart des projets en cours se d\u00e9roulent dans la r\u00e9gion de l&rsquo;Ouham &#8211; Pend\u00e9 : \u00e0 environ 400 kilom\u00e8tres de la capitale Bangui, c&rsquo;est l&rsquo;une des r\u00e9gions les plus pauvres de la R\u00e9publique centrafricaine, d\u00e9j\u00e0 tr\u00e8s d\u00e9munie. L&rsquo;instabilit\u00e9 politique de l&rsquo;ensemble du pays et la violence qui en d\u00e9coule rendent la pauvret\u00e9 end\u00e9mique et les droits fondamentaux inaccessibles. <\/p>\n<p>Notre point de r\u00e9f\u00e9rence dans la r\u00e9gion est l&rsquo;h\u00f4pital Jean-Paul II Camillian de Bossempt\u00e9l\u00e9, qui travaille avec courage et d\u00e9termination depuis plus de 20 ans, repr\u00e9sentant un point de rep\u00e8re pour la population qui peut compter sur des soins ad\u00e9quats gr\u00e2ce \u00e0 cet h\u00f4pital. <\/p>\n<p>Le projet SEN\u00cc- Concepts de sant\u00e9 et d&rsquo;hygi\u00e8ne pour la communaut\u00e9 de Bossempt\u00e9l\u00e9, financ\u00e9 par la FONDATION ASSISTANCE INTERNATIONALE (FAI), a d\u00e9marr\u00e9 le 1er janvier 2021 avec pour objectif de construire les infrastructures n\u00e9cessaires \u00e0 l&rsquo;h\u00f4pital, de fournir des m\u00e9dicaments et des consommables sanitaires, de recruter du personnel de sant\u00e9 et de promouvoir l&rsquo;hygi\u00e8ne et l&rsquo;\u00e9ducation \u00e0 la sant\u00e9 aupr\u00e8s de la population locale. <\/p>\n<p>Plus pr\u00e9cis\u00e9ment, en ce qui concerne l&rsquo;infrastructure, le projet vise \u00e0 contribuer \u00e0 l&rsquo;am\u00e9lioration de l&rsquo;h\u00f4pital en construisant un nouveau puits qui peut r\u00e9pondre \u00e0 l&rsquo;ensemble des besoins en eau de l&rsquo;h\u00f4pital et en installant de nouveaux panneaux photovolta\u00efques qui peuvent garantir un approvisionnement stable en \u00e9lectricit\u00e9. Le puits a \u00e9t\u00e9 achev\u00e9, il est fonctionnel et peut remplir pleinement sa fonction. Les panneaux ont tous \u00e9t\u00e9 install\u00e9s et rendus op\u00e9rationnels. <\/p>\n<p>Le r\u00e9sultat en mati\u00e8re d&rsquo;infrastructures a \u00e9t\u00e9 atteint, tandis que le r\u00e9sultat ax\u00e9 sur la sensibilisation de la population locale aux questions de sant\u00e9 et de pr\u00e9vention est en cours et donne d&rsquo;excellents r\u00e9sultats. Le projet comprend une s\u00e9rie de r\u00e9unions hebdomadaires sur des sujets sp\u00e9cifiques tels que la nutrition, les vitamines, le tabac, l&rsquo;alcool, l&rsquo;hygi\u00e8ne personnelle, la vaccination contre le paludisme et l&rsquo;hygi\u00e8ne de l&rsquo;environnement. Les r\u00e9unions ont d\u00e9j\u00e0 commenc\u00e9 et se poursuivent r\u00e9guli\u00e8rement, tant au sein de l&rsquo;h\u00f4pital que dans les zones rurales environnantes gr\u00e2ce \u00e0 l&rsquo;\u00e9quipe de la clinique mobile. \u00c0 ce jour, plus de 4 000 personnes ont particip\u00e9 \u00e0 des activit\u00e9s de sensibilisation.<\/p>\n<p><a href=\"https:\/\/www.salutesviluppo.org\/wp-content\/uploads\/2022\/12\/20221103_095427-scaled.jpg\"><img loading=\"lazy\" decoding=\"async\" src=\"https:\/\/www.salutesviluppo.org\/wp-content\/uploads\/2022\/12\/20221103_095427-scaled.jpg\" alt=\"\" width=\"2560\" height=\"1440\" class=\"alignnone size-full wp-image-8539\"><\/a><\/p>\n<p>Bien que la fin du projet soit pr\u00e9vue pour l&rsquo;\u00e9t\u00e9 prochain, les nombreux acteurs locaux impliqu\u00e9s &#8211; le minist\u00e8re de la Sant\u00e9, le minist\u00e8re de l&rsquo;Enseignement sup\u00e9rieur, l&rsquo;Association pour les \u0152uvres M\u00e9dicales des Eglises en Centrafrique &#8211; ASSOMESCA et l&rsquo;Ordre des Carm\u00e9lites de Bossempt\u00e9l\u00e9, ainsi que la d\u00e9l\u00e9gation camillienne en R\u00e9publique centrafricaine qui g\u00e8re l&rsquo;h\u00f4pital Jean-Paul II de Bossempt\u00e9l\u00e9 &#8211; continueront \u00e0 travailler pour s&rsquo;assurer que la mission de sensibilisation de la population locale se poursuive et puisse produire des b\u00e9n\u00e9fices \u00e0 long terme.<br \/>\nNous vous tiendrons au courant de l&rsquo;avancement du projet et des nombreuses bonnes nouvelles provenant de l&rsquo;h\u00f4pital Jean-Paul II de Bossempt\u00e9l\u00e9.<br \/>\n <a href=\"https:\/\/www.salutesviluppo.org\/wp-content\/uploads\/2022\/12\/IMG-20221101-WA0125.jpg\"><img loading=\"lazy\" decoding=\"async\" src=\"https:\/\/www.salutesviluppo.org\/wp-content\/uploads\/2022\/12\/IMG-20221101-WA0125.jpg\" alt=\"\" width=\"1600\" height=\"900\" class=\"alignnone size-full wp-image-8547\"><\/a><\/p>\n","protected":false},"excerpt":{"rendered":"<p>La plupart des projets en cours se d\u00e9roulent dans la r\u00e9gion de l&rsquo;Ouham &#8211; Pend\u00e9 : \u00e0 environ 400 kilom\u00e8tres de la capitale Bangui, c&rsquo;est l&rsquo;une des r\u00e9gions les plus pauvres de la R\u00e9publique centrafricaine, d\u00e9j\u00e0 tr\u00e8s d\u00e9munie. L&rsquo;instabilit\u00e9 politique de l&rsquo;ensemble du pays et la violence qui en d\u00e9coule rendent la pauvret\u00e9 end\u00e9mique et [&hellip;]<\/p>\n","protected":false},"author":2,"featured_media":10522,"comment_status":"closed","ping_status":"closed","sticky":false,"template":"","format":"standard","meta":{"_acf_changed":false,"_jetpack_memberships_contains_paid_content":false,"footnotes":""},"categories":[39,84],"tags":[208,334,436,193,186,273,274,276,247,277,187,280,281],"post_flags":[],"class_list":["post-8727","post","type-post","status-publish","format-standard","has-post-thumbnail","hentry","category-nouvelles","category-republique-centrafricaine","tag-afrique","tag-bambini-fr","tag-centrafrica-fr","tag-cooperation","tag-cooperation-internationale-fr","tag-dona-fr","tag-donaora-fr","tag-noprofit-fr","tag-ong","tag-ong-fr","tag-salutesviluppo-fr","tag-sanita-fr","tag-sociale-fr"],"acf":[],"jetpack_featured_media_url":"https:\/\/salutesviluppo.org\/wp-content\/uploads\/2022\/12\/20221103_095427-scaled-1.jpg","jetpack_sharing_enabled":true,"_links":{"self":[{"href":"https:\/\/salutesviluppo.org\/fr\/wp-json\/wp\/v2\/posts\/8727","targetHints":{"allow":["GET"]}}],"collection":[{"href":"https:\/\/salutesviluppo.org\/fr\/wp-json\/wp\/v2\/posts"}],"about":[{"href":"https:\/\/salutesviluppo.org\/fr\/wp-json\/wp\/v2\/types\/post"}],"author":[{"embeddable":true,"href":"https:\/\/salutesviluppo.org\/fr\/wp-json\/wp\/v2\/users\/2"}],"replies":[{"embeddable":true,"href":"https:\/\/salutesviluppo.org\/fr\/wp-json\/wp\/v2\/comments?post=8727"}],"version-history":[{"count":1,"href":"https:\/\/salutesviluppo.org\/fr\/wp-json\/wp\/v2\/posts\/8727\/revisions"}],"predecessor-version":[{"id":9860,"href":"https:\/\/salutesviluppo.org\/fr\/wp-json\/wp\/v2\/posts\/8727\/revisions\/9860"}],"wp:featuredmedia":[{"embeddable":true,"href":"https:\/\/salutesviluppo.org\/fr\/wp-json\/wp\/v2\/media\/10522"}],"wp:attachment":[{"href":"https:\/\/salutesviluppo.org\/fr\/wp-json\/wp\/v2\/media?parent=8727"}],"wp:term":[{"taxonomy":"category","embeddable":true,"href":"https:\/\/salutesviluppo.org\/fr\/wp-json\/wp\/v2\/categories?post=8727"},{"taxonomy":"post_tag","embeddable":true,"href":"https:\/\/salutesviluppo.org\/fr\/wp-json\/wp\/v2\/tags?post=8727"},{"taxonomy":"post_flag","embeddable":true,"href":"https:\/\/salutesviluppo.org\/fr\/wp-json\/wp\/v2\/post_flags?post=8727"}],"curies":[{"name":"wp","href":"https:\/\/api.w.org\/{rel}","templated":true}]}}