{"id":8835,"date":"2023-03-26T10:10:40","date_gmt":"2023-03-26T09:10:40","guid":{"rendered":"https:\/\/www.salutesviluppo.org\/paques-est-la-faire-refleurir-la-solidarite\/"},"modified":"2024-08-06T13:52:50","modified_gmt":"2024-08-06T12:52:50","slug":"paques-est-la-faire-refleurir-la-solidarite","status":"publish","type":"post","link":"https:\/\/salutesviluppo.org\/fr\/paques-est-la-faire-refleurir-la-solidarite\/","title":{"rendered":"P\u00c2QUES EST L\u00c0 : FAIRE REFLEURIR LA SOLIDARIT\u00c9"},"content":{"rendered":"<p>P\u00e2ques est proche, le 9 avril prochain sera le jour de la r\u00e9surrection. Avec P\u00e2ques, c&rsquo;est aussi le printemps qui fleurit, symbolisant la nature renaissant apr\u00e8s le froid de l&rsquo;hiver. Quel meilleur moment pour faire fleurir la solidarit\u00e9 ?<\/p>\n<p>Le 28 mars, dans le lieu d&rsquo;exposition du CRAL degli Operatori Socio Sanitari \u00e0 Rho, il sera possible d&rsquo;acheter de nombreux articles sympathiques &#8211; des paquets de P\u00e2ques pour les enfants aux travaux de broderie et de couture &#8211; fabriqu\u00e9s par les nombreux b\u00e9n\u00e9voles qui soutiennent Salute e Sviluppo depuis des ann\u00e9es.<\/p>\n<p>Tous ces articles seront accompagn\u00e9s de nos crayons plantables!<\/p>\n<p>Au sommet de chaque crayon se trouvent quelques graines de souci, pr\u00eates \u00e0 donner naissance \u00e0 de belles fleurs color\u00e9es. Nous avons choisi cette fleur, aux nombreuses propri\u00e9t\u00e9s curatives et apaisantes, pour symboliser toutes les activit\u00e9s li\u00e9es \u00e0 la sant\u00e9 que nous inaugurons ann\u00e9e apr\u00e8s ann\u00e9e dans le monde entier.<\/p>\n<p>Gr\u00e2ce \u00e0 votre soutien, nous pourrons nous engager dans de plus en plus d&rsquo;initiatives ! Ne manquez pas cette occasion de nous aider, toutes les recettes du march\u00e9 de P\u00e2ques du 28 mars prochain \u00e0 Rho serviront \u00e0 soutenir les missions camilliennes en Afrique.<\/p>\n<p>Si vous souhaitez \u00e9galement obtenir le crayon Sant\u00e9 et D\u00e9veloppement, \u00e9crivez-nous sur Facebook, Instagram ou \u00e0 notre adresse e-mail.<\/p>\n<p>Salute e Sviluppo est reconnaissant pour chaque contribution, petite ou grande, de tous ceux qui s&rsquo;engagent \u00e0 nos c\u00f4t\u00e9s et donnent un peu de leur temps \u2764.<\/p>\n<p><a href=\"https:\/\/www.salutesviluppo.org\/wp-content\/uploads\/2023\/03\/Matite-per-Pasqua-1-1.jpg\"><img loading=\"lazy\" decoding=\"async\" class=\"alignnone wp-image-8829\" src=\"https:\/\/www.salutesviluppo.org\/wp-content\/uploads\/2023\/03\/Matite-per-Pasqua-1-1.jpg\" alt=\"\" width=\"554\" height=\"464\"><\/a><\/p>\n","protected":false},"excerpt":{"rendered":"<p>P\u00e2ques est proche, le 9 avril prochain sera le jour de la r\u00e9surrection. Avec P\u00e2ques, c&rsquo;est aussi le printemps qui fleurit, symbolisant la nature renaissant apr\u00e8s le froid de l&rsquo;hiver. Quel meilleur moment pour faire fleurir la solidarit\u00e9 ? Le 28 mars, dans le lieu d&rsquo;exposition du CRAL degli Operatori Socio Sanitari \u00e0 Rho, il [&hellip;]<\/p>\n","protected":false},"author":2,"featured_media":8825,"comment_status":"closed","ping_status":"closed","sticky":false,"template":"","format":"standard","meta":{"_acf_changed":false,"_jetpack_memberships_contains_paid_content":false,"footnotes":""},"categories":[98],"tags":[],"post_flags":[],"class_list":["post-8835","post","type-post","status-publish","format-standard","has-post-thumbnail","hentry","category-en-evidence"],"acf":[],"jetpack_featured_media_url":"","jetpack_sharing_enabled":true,"_links":{"self":[{"href":"https:\/\/salutesviluppo.org\/fr\/wp-json\/wp\/v2\/posts\/8835","targetHints":{"allow":["GET"]}}],"collection":[{"href":"https:\/\/salutesviluppo.org\/fr\/wp-json\/wp\/v2\/posts"}],"about":[{"href":"https:\/\/salutesviluppo.org\/fr\/wp-json\/wp\/v2\/types\/post"}],"author":[{"embeddable":true,"href":"https:\/\/salutesviluppo.org\/fr\/wp-json\/wp\/v2\/users\/2"}],"replies":[{"embeddable":true,"href":"https:\/\/salutesviluppo.org\/fr\/wp-json\/wp\/v2\/comments?post=8835"}],"version-history":[{"count":1,"href":"https:\/\/salutesviluppo.org\/fr\/wp-json\/wp\/v2\/posts\/8835\/revisions"}],"predecessor-version":[{"id":9888,"href":"https:\/\/salutesviluppo.org\/fr\/wp-json\/wp\/v2\/posts\/8835\/revisions\/9888"}],"wp:featuredmedia":[{"embeddable":true,"href":"https:\/\/salutesviluppo.org\/fr\/wp-json\/"}],"wp:attachment":[{"href":"https:\/\/salutesviluppo.org\/fr\/wp-json\/wp\/v2\/media?parent=8835"}],"wp:term":[{"taxonomy":"category","embeddable":true,"href":"https:\/\/salutesviluppo.org\/fr\/wp-json\/wp\/v2\/categories?post=8835"},{"taxonomy":"post_tag","embeddable":true,"href":"https:\/\/salutesviluppo.org\/fr\/wp-json\/wp\/v2\/tags?post=8835"},{"taxonomy":"post_flag","embeddable":true,"href":"https:\/\/salutesviluppo.org\/fr\/wp-json\/wp\/v2\/post_flags?post=8835"}],"curies":[{"name":"wp","href":"https:\/\/api.w.org\/{rel}","templated":true}]}}